{"id":851,"date":"2019-10-24T20:28:11","date_gmt":"2019-10-24T18:28:11","guid":{"rendered":"http:\/\/les-escapades-de-marie.com\/?p=851"},"modified":"2019-10-25T15:37:12","modified_gmt":"2019-10-25T13:37:12","slug":"voyage-en-grece-tout-compris","status":"publish","type":"post","link":"https:\/\/les-escapades-de-marie.com\/index.php\/2019\/10\/24\/voyage-en-grece-tout-compris\/","title":{"rendered":"Voyage en Gr\u00e8ce tout compris"},"content":{"rendered":"<h2 style=\"text-align: center;\">De la terre des oracles \u00e0 l\u2019h\u00e9ritage d\u2019Alexandre<br \/>\n9 jours \/ 8 nuits<\/h2>\n<h3 style=\"text-align: center;\"><!--more--><br \/>\n<strong>Voyage en Gr\u00e8ce tout compris<\/strong><br \/>\n\u00c9PIRE et MAC\u00c9DOINE : l\u2019autre versant de la Gr\u00e8ce<br \/>\nDu 12 au 20 mai 2020<\/h3>\n<hr \/>\n<p><strong>D\u00e9couvrez ce magnifique\u00a0Voyage en Gr\u00e8ce tout compris de 9 jours du 12 au 20 mai 2020.<\/strong><\/p>\n<p>Territoires encore sauvages cach\u00e9s au sud de la fronti\u00e8re albanaise, ces provinces m\u00e9ritent l\u2019int\u00e9r\u00eat des curieux dont la m\u00e9moire d\u2019\u00e9colier a conserv\u00e9 les noms fameux de la Gr\u00e8ce antique\u00a0: Pyrrhus, roi d\u2019\u00c9pire, Philippe de Mac\u00e9doine p\u00e8re du grand Alexandre, Octave-Auguste vainqueur d\u2019Antoine, sans oublier l\u2019aventure perch\u00e9e des M\u00e9t\u00e9ores ou la cit\u00e9 de Salonique, immense ville-refuge des Juifs chass\u00e9s d\u2019Espagne \u00e9tablie au c\u0153ur de toutes les cultures europ\u00e9ennes.<\/p>\n<p>Des c\u00f4tes de la Mer Ionienne aux rivages de la Mer Eg\u00e9e l\u2019histoire antique se marie \u00e0 de vastes horizons maritimes et \u00e0 des paysages montagneux o\u00f9 les villages inchang\u00e9s abritent des \u00e9glises aux fresques centenaires et r\u00e9galent le visiteur sur tous les tons : ici, art culinaire et hospitalit\u00e9 sont \u00e0 l\u2019image de ceux qui ont vu passer tant de peuples.<\/p>\n<p><a href=\"https:\/\/les-escapades-de-marie.com\/index.php\/marie-vibert\/\"><em>Marie Vibert<\/em><\/a><\/p>\n<hr \/>\n<h3>Jour 1 &#8211; Paris ou Gen\u00e8ve- Ath\u00e8nes (d\u00e9but du Voyage en Gr\u00e8ce)<\/h3>\n<p>Vol avec la compagnie Aegean airlines de Paris \u00e0 Ath\u00e8nes\u00a0: \u00e0 titre indicatif d\u00e9part \u00e0 12h15 arriv\u00e9e \u00e0 Ath\u00e8nes \u00e0 16h25.<\/p>\n<p>Vol avec la compagnie Aegean airlines de Gen\u00e8ve \u00e0 Ath\u00e8nes\u00a0: \u00e0 titre indicatif d\u00e9part \u00e0 12h20 arriv\u00e9e \u00e0 16h05.<\/p>\n<p>Accueil par notre guide Iouli et transfert \u00e0 Ath\u00e8nes, o\u00f9 se c\u00f4toient histoire ancienne et culture contemporaine. Installation \u00e0 l\u2019h\u00f4tel en centre- ville et un peu de temps libre. Promenade au c\u0153ur de la ville \u00e0 la d\u00e9couverte des sites principaux. <strong>D\u00eener au restaurant et nuit \u00e0 l\u2019h\u00f4tel.<\/strong><\/p>\n<p>&nbsp;<\/p>\n<h3>Voyage :\u00a0Jour 2 \u2013 Ath\u00e8nes, les racines de la d\u00e9mocratie<\/h3>\n<p><strong>Apr\u00e8s le petit-d\u00e9jeuner, d\u00e9part \u00e0 pied vers la citadelle et le sanctuaire de l\u2019Acropole. Le temple du Parth\u00e9non<\/strong>, cr\u00e9\u00e9 par Phidias et d\u00e9di\u00e9 \u00e0 Ath\u00e9na constitue une visite incontournable mais d\u2019autres temples sur ce site arch\u00e9ologique m\u00e9ritent l\u2019attention. <strong>Visite du riche mus\u00e9e de l\u2019Acropole<\/strong> inaugur\u00e9 en 2009 et con\u00e7u par les architectes Bernard Tschumi et Michalis Photiadis\u00a0; il raconte sur fond d\u2019architecture contemporaine l\u2019histoire des commencements magnifi\u00e9e par une impressionnante mus\u00e9ographie.<\/p>\n<p><strong>D\u00e9jeuner en cours de visite<\/strong><\/p>\n<p>Sur le flanc de l\u2019Acropole, le petit quartier d\u2019Anafiotika aux maisons blanchies \u00e0 la chaux et aux couleurs des Cyclades rappellent l\u2019histoire de ces travailleurs de l\u2019\u00eele d\u2019Anafi venus au XIXe si\u00e8cle pour participer \u00e0 la reconstruction de la ville d\u2019Ath\u00e8nes.<br \/>\nPromenade vers le traditionnel quartier de Plaka. Temps libre et d\u00eener au restaurant.<\/p>\n<p><strong>Nuit \u00e0 l\u2019h\u00f4tel \u00e0 Ath\u00e8nes.<\/strong><\/p>\n<p>&nbsp;<\/p>\n<h3>Voyage en Gr\u00e8ce :\u00a0Jour 3 &#8211; Ath\u00e8nes \u2013 Patras \u2013 Arta, la gloire byzantine<\/h3>\n<p><strong>Apr\u00e8s le petit-d\u00e9jeuner, d\u00e9part en bus priv\u00e9 vers la c\u00f4te nord du P\u00e9loponn\u00e8se<\/strong>. Le pont \u00e0 haubans de Rion-Antarion relie le P\u00e9loponn\u00e8se \u00e0 la Gr\u00e8ce du nord et franchit les trois kilom\u00e8tres du golfe de Corinthe et de Patras. Inaugur\u00e9 en 2004, il voit passer la flamme olympique qui court vers Ath\u00e8nes. Apr\u00e8s un court arr\u00eat, continuation vers le nord \u00e0 travers la lagune du <strong>Parc national de Messolonghi-Etoliko<\/strong>, l\u00e0 o\u00f9 le golfe de Patras rencontre la Mer Ionienne. <strong>Arriv\u00e9e dans la ville d\u2019Arta<\/strong>, connue dans l\u2019antiquit\u00e9 sous le nom d\u2019Ambracia.<\/p>\n<p>Le pont m\u00e9di\u00e9val franchit la rivi\u00e8re Arachtos\u00a0; l\u2019\u00e9tonnante <strong>\u00e9glise Panagia Panagoritisa<\/strong> \u00e9difi\u00e9e au XIIIe si\u00e8cle est l\u2019une des \u00e9glises byzantines les plus importantes de Gr\u00e8ce.<\/p>\n<p>Apr\u00e8s le d\u00e9jeuner, la visite du <strong>mus\u00e9e de Nikopolis<\/strong> nous raconte l\u2019histoire de cette victorieuse cit\u00e9 \u00e9difi\u00e9e par Octave au lendemain de sa victoire sur Antoine et Cl\u00e9op\u00e2tre.<\/p>\n<p><strong>Route vers la jolie cit\u00e9 c\u00f4ti\u00e8re de Preveza. D\u00eener. Nuit \u00e0 l\u2019h\u00f4tel.<\/strong><\/p>\n<p>&nbsp;<\/p>\n<h3>Voyage :\u00a0Jour 4 \u2013 Nikopolis, une victoire affirm\u00e9e &#8211; Cassop\u00e9, le th\u00e9\u00e2tre au plus haut niveau.<\/h3>\n<p>Apr\u00e8s le petit-d\u00e9jeuner, retour \u00e0 <strong>Nikopolis<\/strong> et visite de la \u00ab\u00a0cit\u00e9 de la victoire\u00a0\u00bb fond\u00e9e en 31 avant notre \u00e8re pour c\u00e9l\u00e9brer la victoire d\u2019Actium. Le site arch\u00e9ologique, tr\u00e8s \u00e9tendu, couvre la plus grande cit\u00e9 romaine de Gr\u00e8ce\u00a0: fortifications colossales, th\u00e9\u00e2tre, Od\u00e9on, stade, sans oublier le monument \u00e0 la gloire d\u2019Auguste\u2026<\/p>\n<p>A quelques kilom\u00e8tres de l\u00e0, sur les flancs des montagnes Zalogos,<strong> l\u2019antique cit\u00e9 de Cassop\u00e9<\/strong>, fond\u00e9e au milieu du 4e si\u00e8cle avant notre \u00e8re, s\u2019\u00e9tend sur un terrain immense surplombant la mer. A l\u2019horizon on devine parfaitement le cadre de la bataille d\u2019Actium, encore \u00e0 venir.<\/p>\n<p>Parfaitement restaur\u00e9, ce site majestueux laisse imaginer ce que pouvait \u00eatre une cit\u00e9 de plan hippodamien, avec ses rues \u00e0 angles droits d\u00e9limitant les ilots d\u2019habitation. Les habitants avaient d\u00e9velopp\u00e9 tr\u00e8s t\u00f4t l\u2019id\u00e9e de \u00ab\u00a0bien-\u00eatre\u00a0\u00bb li\u00e9 aux bienfaits de l\u2019eau environnante, mer ou rivi\u00e8res. Ils avaient mis au point une m\u00e9thode de construction originale qui consistait \u00e0 b\u00e2tir des murs au moyen de blocs de calcaire de forme polygonale s\u2019ajustant parfaitement les uns aux autres. Ces murs encerclaient et prot\u00e9geaient la ville sur un p\u00e9rim\u00e8tre de 3 km. Promenade autour de l\u2019agora, l\u2019od\u00e9on et surtout le th\u00e9\u00e2tre qui domine la ville et pouvait accueillir jusqu\u2019\u00e0 six mille spectateurs.<\/p>\n<p><strong>Route vers Ioannina<\/strong>, capitale de l\u2019Epire, que longe le lac Pamvotida, o\u00f9 s\u2019arr\u00eate notre route ce soir.<\/p>\n<p><strong>D\u00eener au restaurant et nuit \u00e0 Ioannina.<\/strong><\/p>\n<p>&nbsp;<\/p>\n<h3>Voyage :\u00a0Jour 5 \u2013 Ioannina -Dodone &#8211; L\u2019oracle avait raison<\/h3>\n<p>Apr\u00e8s le petit-d\u00e9jeuner d\u00e9part pour le <strong>site arch\u00e9ologique de Dodone<\/strong>\u00a0; au centre d\u2019une vall\u00e9e install\u00e9e sur les flancs du mont Tomaros, Dodone est le plus ancien et le plus c\u00e9l\u00e8bre oracle du monde hell\u00e9nique. Sous le ch\u00eane sacr\u00e9 dont les bruissements et les murmures sont amplifi\u00e9s par les vases d\u2019airain, Zeus r\u00e9pond aux questions des mortels\u00a0; sur le site ont \u00e9t\u00e9 retrouv\u00e9s de fines feuilles de plomb sur lesquelles \u00e9taient inscrites les questions et les requ\u00eates destin\u00e9es \u00e0 l\u2019oracle. Elles sont maintenant au petit mus\u00e9e arch\u00e9ologique de Ioannina.<\/p>\n<p>L\u2019am\u00e9nagement du site comprend le sanctuaire principal, des \u00e9difices de culte, le bouleuterion et un imposant th\u00e9\u00e2tre en cours de restauration qui accueillait des manifestations musicales et th\u00e9\u00e2trales et pouvait contenir dix- sept mille personnes.<\/p>\n<p><strong>Retour \u00e0 Ioannina<\/strong> et visite de cette belle ville b\u00e2tie au VIe si\u00e8cle par l\u2019empereur byzantin Justinien. Principalement habit\u00e9e par des chr\u00e9tiens, elle a cependant \u00e9t\u00e9 marqu\u00e9e par l\u2019architecture turque \u00e0 l\u2019\u00e9poque ottomane et par l\u2019influence d\u2019une pr\u00e9sence juive importante. Le ch\u00e2teau, imposante forteresse byzantine est sans doute l\u2019une des plus anciennes de Gr\u00e8ce. Visite du mus\u00e9e arch\u00e9ologique, petit mais tr\u00e8s riche, dont les pi\u00e8ces proviennent en grande partie du sanctuaire de Dodone.<\/p>\n<p><strong>Le mus\u00e9e de l\u2019argent<\/strong> t\u00e9moigne d\u2019une longue tradition locale et expose une collection d\u2019objets de culte h\u00e9bra\u00efque et de tr\u00e8s beaux bijoux, cha\u00eenes, boucles d\u2019oreilles et ornements divers.<br \/>\nUne promenade sur les rives du lac Pamvotida et une travers\u00e9e en bateau nous am\u00e8nent sur<strong> l\u2019\u00eele de Ioaninna<\/strong> qui jouit d\u2019une v\u00e9g\u00e9tation luxuriante\u00a0; les all\u00e9es pav\u00e9es du village donnent acc\u00e8s \u00e0 un centre monastique important et \u00e0 ses cinq monast\u00e8res historiques construits entre le XIIe et le XVIe si\u00e8cle. D\u00e9jeuner sur l\u2019\u00eele.<\/p>\n<p><strong>Dans l\u2019apr\u00e8s-midi, route vers les montagnes de Zagorochoria. D\u00eener et nuit dans une confortable maison traditionnelle \u00e0 Papigo.<\/strong><\/p>\n<p><img loading=\"lazy\" decoding=\"async\" class=\"aligncenter size-full wp-image-879\" src=\"https:\/\/les-escapades-de-marie.com\/wp-content\/uploads\/2019\/10\/Voyage-en-Gre\u0300ce-tout-compris-6.jpeg\" alt=\"\" width=\"870\" height=\"1000\" srcset=\"https:\/\/les-escapades-de-marie.com\/wp-content\/uploads\/2019\/10\/Voyage-en-Gre\u0300ce-tout-compris-6.jpeg 870w, https:\/\/les-escapades-de-marie.com\/wp-content\/uploads\/2019\/10\/Voyage-en-Gre\u0300ce-tout-compris-6-261x300.jpeg 261w, https:\/\/les-escapades-de-marie.com\/wp-content\/uploads\/2019\/10\/Voyage-en-Gre\u0300ce-tout-compris-6-768x883.jpeg 768w\" sizes=\"auto, (max-width: 870px) 100vw, 870px\" \/><\/p>\n<p>&nbsp;<\/p>\n<h3>Voyage en Gr\u00e8ce :\u00a0Jour 6 \u2013 Les villages oubli\u00e9s des Zagoria<\/h3>\n<p>Apr\u00e8s le petit-d\u00e9jeuner,<strong> journ\u00e9e de d\u00e9couverte de cette r\u00e9gion des Zagoria<\/strong>, plac\u00e9e sous le label \u00ab\u00a0Network 2000\u00a0\u00bb qui veille \u00e0 la protection de la faune et de la flore. Cette Gr\u00e8ce inattendue s\u2019\u00e9panouit sur les sentiers du Pinde, enjambe des ponts aux fines arches de pierre, s\u2019enfonce dans les gorges et cache des petits monast\u00e8res au creux des roches. Pendant l\u2019occupation turque, les quarante-six villages de la r\u00e9gion b\u00e9n\u00e9ficiaient d\u2019une certaine autonomie et ses habitants ont fait fortune en Russie, en Serbie ou \u00e0 Alexandrie. De retour au pays, ils ont b\u00e2ti des \u00e9coles, des ponts et des \u00e9glises. Quasiment abandonn\u00e9s au XXe si\u00e8cle, les villages sont restaur\u00e9s petit \u00e0 petit et la vie reprend.<\/p>\n<p><strong>Randonn\u00e9e l\u00e9g\u00e8re<\/strong> sur les chemins, de village en village, avec notre guide P\u00e2ris au nom \u00e9vocateur. Pour ceux qui ne marchent pas, un transport en bus est pr\u00e9vu aux diff\u00e9rents points de visite. <strong>Pique-nique en cours de marche.<\/strong><\/p>\n<p><strong>D\u00eener et nuit au Guest house \u00e0 Papigo.<\/strong><\/p>\n<p>&nbsp;<\/p>\n<h3>Voyage :\u00a0Jour 7- Papigo- Metsovo- Kalambata &#8211; Des vignes du Seigneur aux\u00a0colonnes du ciel.<\/h3>\n<p><strong>Apr\u00e8s le petit-d\u00e9jeuner \u00e0 Papigo, route vers les monast\u00e8res des M\u00e9t\u00e9ores.<\/strong> En chemin, le village de Metsovo, perch\u00e9 sur les flancs du massif du Pinde, se trouve \u00e0 la crois\u00e9e des chemins entre Epire et Mac\u00e9doine. B\u00e2ti comme un amphith\u00e9\u00e2tre dans un site majestueux, il offre au regard ses toits de tuiles et les porches de ses maisons nich\u00e9es dans le paysage. La r\u00e9gion est r\u00e9put\u00e9e pour la qualit\u00e9 de ses vignes et un arr\u00eat s\u2019impose dans les chais de la cave Katogi pour une d\u00e9gustation et un d\u00e9jeuner l\u00e9ger.<\/p>\n<p><strong>Continuation vers le sud et les monast\u00e8res des M\u00e9t\u00e9ores<\/strong>, v\u00e9ritables \u00ab\u00a0colonnes du ciel\u00a0\u00bb. Les moines ermites install\u00e9s dans des grottes d\u00e8s le XIe si\u00e8cle construisent \u00e0 partir du XIVe si\u00e8cle des monast\u00e8res sur ces curieuses concr\u00e9tions de gr\u00e8s sculpt\u00e9s par l\u2019\u00e9rosion. Vingt-quatre monast\u00e8res pars\u00e8ment alors la r\u00e9gion\u00a0; seuls six perdurent aujourd\u2019hui. Visite des deux plus anciens, <strong>Moni Varlaam<\/strong>, perch\u00e9 \u00e0 373m d\u2019altitude qui abrite dix moines et une \u00e9glise couverte de fresques et <strong>Moni Megalou<\/strong>.<\/p>\n<p><strong>Installation \u00e0 l\u2019h\u00f4tel \u00e0 Kalambata. D\u00eener et nuit.<\/strong><\/p>\n<p>&nbsp;<\/p>\n<h3>Voyage :\u00a0Jour 8 \u2013 Vergina, le soleil de Mac\u00e9doine -Thessalonique.<\/h3>\n<p><strong>Apr\u00e8s le petit-d\u00e9jeuner, route vers le site arch\u00e9ologique de Vergina.<\/strong><\/p>\n<p>D\u00e9couverte au XIXe si\u00e8cle, La cit\u00e9 d\u2019A\u00efgai est l\u2019ancienne capitale des rois mac\u00e9doniens dont est originaire la famille de Philippe II, p\u00e8re d\u2019Alexandre le Grand qui a port\u00e9 la culture grecque aux confins du monde antique.<\/p>\n<p>Outre les vestiges du palais royal, l\u2019un des plus impressionnants de la Gr\u00e8ce classique, douze tombeaux monumentaux ont \u00e9t\u00e9 mis \u00e0 jour. Parmi eux, la tombe de Philippe II, d\u00e9couverte en 1978 et attest\u00e9e depuis, a eu un retentissement mondial en raison de la qualit\u00e9 des tombeaux, peintures murales, portrait en ivoire, miniatures en or et en argent\u00a0; elle fait d\u2019Aigai l\u2019un des sites arch\u00e9ologiques les plus importants d\u2019Europe.<\/p>\n<p><strong>Visite de la tombe et du mus\u00e9e souterrain.<\/strong><\/p>\n<p><strong>Continuation vers Thessalonique<\/strong>. Installation \u00e0 l\u2019h\u00f4tel et d\u00e9jeuner dans le quartier de Ladadika.. Dans l\u2019assiette, les traditions vont de Constantinople aux Balkans en passant par la Mac\u00e9doine et la M\u00e9diterran\u00e9e.<\/p>\n<p>Promenade au rythme de chacun dans cette cit\u00e9 multiculturelle qui a vu passer pendant vingt-trois si\u00e8cles les Romains, les Juifs, les Ottomans et les n\u00e9gociants des Balkans ou d\u2019Asie mineure. Une fois d\u00e9pass\u00e9es les usines et les raffineries de cet immense port, la ville se laisse d\u00e9couvrir depuis le front de mer o\u00f9 sont concentr\u00e9s le mus\u00e9e de la photographie, du cin\u00e9ma et le centre d\u2019Art contemporain. Le c\u0153ur de la ville est bien s\u00fbr la place Aristote qui permet de remonter vers la ville haute et son lacis de ruelles de l\u2019\u00e9poque ottomane, entre immeubles d\u00e9catis et belles maisons. Des remparts, tout en haut, le point de vue embrasse toute la baie.<\/p>\n<p><strong>D\u00e9jeuner, d\u00eener et nuit \u00e0 Thessalonique.<\/strong><\/p>\n<p><img loading=\"lazy\" decoding=\"async\" class=\"aligncenter size-full wp-image-852\" src=\"https:\/\/les-escapades-de-marie.com\/wp-content\/uploads\/2019\/10\/71803350_646723882398157_610162759379714048_n-e1571684115358.png\" alt=\"\" width=\"313\" height=\"312\" \/><\/p>\n<p>&nbsp;<\/p>\n<h3>Jour 9 \u2013 Thessalonique \u2013 Paris ou Gen\u00e8ve\u00a0(fin du Voyage en Gr\u00e8ce tout compris )<\/h3>\n<p><strong>Petit-d\u00e9jeuner et temps libre. Transfert \u00e0 l\u2019a\u00e9roport dans la matin\u00e9e et vol pour Gen\u00e8ve ou Paris.<\/strong><br \/>\nA titre indicatif, vol Aegan airlines pour Gen\u00e8ve\u00a0: d\u00e9part \u00e0 13h10, escale \u00e0 Ath\u00e8nes, arriv\u00e9e \u00e0 Gen\u00e8ve \u00e0 18h05<br \/>\nA titre indicatif Vol Aegean airlines pour Paris, vol direct d\u00e9part \u00e0 14h50, escale \u00e0 Ath\u00e8nes, arriv\u00e9e \u00e0 Paris \u00e0 19h55<\/p>\n<p>&nbsp;<\/p>\n<hr \/>\n<h2>Infos pratiques sur ce\u00a0Voyage en Gr\u00e8ce tout compris :<\/h2>\n<p>Ce Voyage en Gr\u00e8ce tout compris est effectu\u00e9 en partenariat avec l\u2019agence <a href=\"https:\/\/www.connaisseursvoyage.fr\/\" target=\"_blank\" rel=\"noopener\">CONNAISSEURS DU VOYAGE<\/a>,<br \/>\n95 avenue Mozart Paris 75016<br \/>\n<a href=\"https:\/\/les-escapades-de-marie.com\/index.php\/contact\/\">Contact\u00a0: Marie Vibert<\/a><br \/>\n<a href=\"mailto:mcvibert2@yahoo.fr\">mcvibert2@yahoo.fr<\/a><br \/>\nTel\u00a0: 06-10-11-27-16<\/p>\n<p>PRIX PAR PERSONNE EN CHAMBRE DOUBLE<br \/>\n<strong>16 participants\u00a0: autour de 2190\u20ac<\/strong><br \/>\n<strong>Suppl\u00e9ment chambre single\u00a0: 330 \u20ac<\/strong><\/p>\n<p>&nbsp;<\/p>\n<p><img loading=\"lazy\" decoding=\"async\" class=\"aligncenter wp-image-856 size-full\" src=\"https:\/\/les-escapades-de-marie.com\/wp-content\/uploads\/2019\/10\/Voyage-en-Gre\u0300ce-tout-compris.jpeg\" alt=\"Voyage en Gr\u00e8ce tout compris\" width=\"1000\" height=\"600\" srcset=\"https:\/\/les-escapades-de-marie.com\/wp-content\/uploads\/2019\/10\/Voyage-en-Gre\u0300ce-tout-compris.jpeg 1000w, https:\/\/les-escapades-de-marie.com\/wp-content\/uploads\/2019\/10\/Voyage-en-Gre\u0300ce-tout-compris-300x180.jpeg 300w, https:\/\/les-escapades-de-marie.com\/wp-content\/uploads\/2019\/10\/Voyage-en-Gre\u0300ce-tout-compris-768x461.jpeg 768w\" sizes=\"auto, (max-width: 1000px) 100vw, 1000px\" \/><\/p>\n<p><img loading=\"lazy\" decoding=\"async\" class=\"aligncenter wp-image-869 size-full\" src=\"https:\/\/les-escapades-de-marie.com\/wp-content\/uploads\/2019\/10\/Voyage-en-Gre\u0300ce-tout-compris-2.jpeg\" alt=\"Voyage en Gr\u00e8ce tout compris\" width=\"1000\" height=\"673\" srcset=\"https:\/\/les-escapades-de-marie.com\/wp-content\/uploads\/2019\/10\/Voyage-en-Gre\u0300ce-tout-compris-2.jpeg 1000w, https:\/\/les-escapades-de-marie.com\/wp-content\/uploads\/2019\/10\/Voyage-en-Gre\u0300ce-tout-compris-2-300x202.jpeg 300w, https:\/\/les-escapades-de-marie.com\/wp-content\/uploads\/2019\/10\/Voyage-en-Gre\u0300ce-tout-compris-2-768x517.jpeg 768w\" sizes=\"auto, (max-width: 1000px) 100vw, 1000px\" \/><\/p>\n<p><img loading=\"lazy\" decoding=\"async\" class=\"aligncenter wp-image-870 size-full\" src=\"https:\/\/les-escapades-de-marie.com\/wp-content\/uploads\/2019\/10\/Voyage-en-Gre\u0300ce-tout-compris-3.jpeg\" alt=\"Voyage en Gr\u00e8ce tout compris\" width=\"1000\" height=\"667\" srcset=\"https:\/\/les-escapades-de-marie.com\/wp-content\/uploads\/2019\/10\/Voyage-en-Gre\u0300ce-tout-compris-3.jpeg 1000w, https:\/\/les-escapades-de-marie.com\/wp-content\/uploads\/2019\/10\/Voyage-en-Gre\u0300ce-tout-compris-3-300x200.jpeg 300w, https:\/\/les-escapades-de-marie.com\/wp-content\/uploads\/2019\/10\/Voyage-en-Gre\u0300ce-tout-compris-3-768x512.jpeg 768w\" sizes=\"auto, (max-width: 1000px) 100vw, 1000px\" \/><\/p>\n<p><img loading=\"lazy\" decoding=\"async\" class=\"aligncenter size-full wp-image-877\" src=\"https:\/\/les-escapades-de-marie.com\/wp-content\/uploads\/2019\/10\/Voyage-en-Gre\u0300ce-tout-compris-4.png\" alt=\"\" width=\"1000\" height=\"989\" srcset=\"https:\/\/les-escapades-de-marie.com\/wp-content\/uploads\/2019\/10\/Voyage-en-Gre\u0300ce-tout-compris-4.png 1000w, https:\/\/les-escapades-de-marie.com\/wp-content\/uploads\/2019\/10\/Voyage-en-Gre\u0300ce-tout-compris-4-300x297.png 300w, https:\/\/les-escapades-de-marie.com\/wp-content\/uploads\/2019\/10\/Voyage-en-Gre\u0300ce-tout-compris-4-768x760.png 768w\" sizes=\"auto, (max-width: 1000px) 100vw, 1000px\" \/><\/p>\n<p><img loading=\"lazy\" decoding=\"async\" class=\"aligncenter size-full wp-image-878\" src=\"https:\/\/les-escapades-de-marie.com\/wp-content\/uploads\/2019\/10\/Voyage-en-Gre\u0300ce-tout-compris-5.jpeg\" alt=\"\" width=\"1000\" height=\"667\" srcset=\"https:\/\/les-escapades-de-marie.com\/wp-content\/uploads\/2019\/10\/Voyage-en-Gre\u0300ce-tout-compris-5.jpeg 1000w, https:\/\/les-escapades-de-marie.com\/wp-content\/uploads\/2019\/10\/Voyage-en-Gre\u0300ce-tout-compris-5-300x200.jpeg 300w, https:\/\/les-escapades-de-marie.com\/wp-content\/uploads\/2019\/10\/Voyage-en-Gre\u0300ce-tout-compris-5-768x512.jpeg 768w, https:\/\/les-escapades-de-marie.com\/wp-content\/uploads\/2019\/10\/Voyage-en-Gre\u0300ce-tout-compris-5-1024x683.jpeg 1024w\" sizes=\"auto, (max-width: 1000px) 100vw, 1000px\" \/><\/p>\n<p>&nbsp;<\/p>\n","protected":false},"excerpt":{"rendered":"<p>De la terre des oracles \u00e0 l\u2019h\u00e9ritage d\u2019Alexandre 9 jours \/ 8 nuits<\/p>\n","protected":false},"author":1,"featured_media":882,"comment_status":"open","ping_status":"open","sticky":false,"template":"","format":"standard","meta":{"footnotes":""},"categories":[5],"tags":[38],"class_list":["post-851","post","type-post","status-publish","format-standard","has-post-thumbnail","hentry","category-sejours","tag-de-la-terre-des-oracles-a-lheritage-dalexandre"],"yoast_head":"<!-- This site is optimized with the Yoast SEO plugin v26.6 - https:\/\/yoast.com\/wordpress\/plugins\/seo\/ -->\n<title>Voyage en Gr\u00e8ce tout compris - Les escapades de Marie<\/title>\n<meta name=\"description\" content=\"D\u00e9couvrez notre Voyage en Gr\u00e8ce tout compris et sur mesure : \u00c9PIRE et MAC\u00c9DOINE, l\u2019autre versant de la Gr\u00e8ce - 9 jours \/ 8nuits - du 12 au 20 mai 2020.\" \/>\n<meta name=\"robots\" content=\"index, follow, max-snippet:-1, max-image-preview:large, max-video-preview:-1\" \/>\n<link rel=\"canonical\" href=\"https:\/\/les-escapades-de-marie.com\/index.php\/2019\/10\/24\/voyage-en-grece-tout-compris\/\" \/>\n<meta property=\"og:locale\" content=\"fr_FR\" \/>\n<meta property=\"og:type\" content=\"article\" \/>\n<meta property=\"og:title\" content=\"Voyage en Gr\u00e8ce tout compris - Les escapades de Marie\" \/>\n<meta property=\"og:description\" content=\"D\u00e9couvrez notre Voyage en Gr\u00e8ce tout compris et sur mesure : \u00c9PIRE et MAC\u00c9DOINE, l\u2019autre versant de la Gr\u00e8ce - 9 jours \/ 8nuits - du 12 au 20 mai 2020.\" \/>\n<meta property=\"og:url\" content=\"https:\/\/les-escapades-de-marie.com\/index.php\/2019\/10\/24\/voyage-en-grece-tout-compris\/\" \/>\n<meta property=\"og:site_name\" content=\"Les escapades de Marie\" \/>\n<meta property=\"article:published_time\" content=\"2019-10-24T18:28:11+00:00\" \/>\n<meta property=\"article:modified_time\" content=\"2019-10-25T13:37:12+00:00\" \/>\n<meta property=\"og:image\" content=\"https:\/\/les-escapades-de-marie.com\/wp-content\/uploads\/2019\/10\/Voyage-en-Gre\u0300ce-tout-compris-2-copie.jpeg\" \/>\n\t<meta property=\"og:image:width\" content=\"1000\" \/>\n\t<meta property=\"og:image:height\" content=\"600\" \/>\n\t<meta property=\"og:image:type\" content=\"image\/jpeg\" \/>\n<meta name=\"author\" content=\"Marie Vibert\" \/>\n<meta name=\"twitter:card\" content=\"summary_large_image\" \/>\n<meta name=\"twitter:label1\" content=\"\u00c9crit par\" \/>\n\t<meta name=\"twitter:data1\" content=\"Marie Vibert\" \/>\n\t<meta name=\"twitter:label2\" content=\"Dur\u00e9e de lecture estim\u00e9e\" \/>\n\t<meta name=\"twitter:data2\" content=\"11 minutes\" \/>\n<script type=\"application\/ld+json\" class=\"yoast-schema-graph\">{\"@context\":\"https:\/\/schema.org\",\"@graph\":[{\"@type\":\"Article\",\"@id\":\"https:\/\/les-escapades-de-marie.com\/index.php\/2019\/10\/24\/voyage-en-grece-tout-compris\/#article\",\"isPartOf\":{\"@id\":\"https:\/\/les-escapades-de-marie.com\/index.php\/2019\/10\/24\/voyage-en-grece-tout-compris\/\"},\"author\":{\"name\":\"Marie Vibert\",\"@id\":\"https:\/\/les-escapades-de-marie.com\/#\/schema\/person\/cacff58820238c6ef91e4665638442ef\"},\"headline\":\"Voyage en Gr\u00e8ce tout compris\",\"datePublished\":\"2019-10-24T18:28:11+00:00\",\"dateModified\":\"2019-10-25T13:37:12+00:00\",\"mainEntityOfPage\":{\"@id\":\"https:\/\/les-escapades-de-marie.com\/index.php\/2019\/10\/24\/voyage-en-grece-tout-compris\/\"},\"wordCount\":2203,\"commentCount\":0,\"publisher\":{\"@id\":\"https:\/\/les-escapades-de-marie.com\/#organization\"},\"image\":{\"@id\":\"https:\/\/les-escapades-de-marie.com\/index.php\/2019\/10\/24\/voyage-en-grece-tout-compris\/#primaryimage\"},\"thumbnailUrl\":\"https:\/\/les-escapades-de-marie.com\/wp-content\/uploads\/2019\/10\/Voyage-en-Gre\u0300ce-tout-compris-2-copie.jpeg\",\"keywords\":[\"De la terre des oracles \u00e0 l\u2019h\u00e9ritage d\u2019Alexandre\"],\"articleSection\":[\"Les s\u00e9jours\"],\"inLanguage\":\"fr-FR\",\"potentialAction\":[{\"@type\":\"CommentAction\",\"name\":\"Comment\",\"target\":[\"https:\/\/les-escapades-de-marie.com\/index.php\/2019\/10\/24\/voyage-en-grece-tout-compris\/#respond\"]}]},{\"@type\":\"WebPage\",\"@id\":\"https:\/\/les-escapades-de-marie.com\/index.php\/2019\/10\/24\/voyage-en-grece-tout-compris\/\",\"url\":\"https:\/\/les-escapades-de-marie.com\/index.php\/2019\/10\/24\/voyage-en-grece-tout-compris\/\",\"name\":\"Voyage en Gr\u00e8ce tout compris - Les escapades de Marie\",\"isPartOf\":{\"@id\":\"https:\/\/les-escapades-de-marie.com\/#website\"},\"primaryImageOfPage\":{\"@id\":\"https:\/\/les-escapades-de-marie.com\/index.php\/2019\/10\/24\/voyage-en-grece-tout-compris\/#primaryimage\"},\"image\":{\"@id\":\"https:\/\/les-escapades-de-marie.com\/index.php\/2019\/10\/24\/voyage-en-grece-tout-compris\/#primaryimage\"},\"thumbnailUrl\":\"https:\/\/les-escapades-de-marie.com\/wp-content\/uploads\/2019\/10\/Voyage-en-Gre\u0300ce-tout-compris-2-copie.jpeg\",\"datePublished\":\"2019-10-24T18:28:11+00:00\",\"dateModified\":\"2019-10-25T13:37:12+00:00\",\"description\":\"D\u00e9couvrez notre Voyage en Gr\u00e8ce tout compris et sur mesure : \u00c9PIRE et MAC\u00c9DOINE, l\u2019autre versant de la Gr\u00e8ce - 9 jours \/ 8nuits - du 12 au 20 mai 2020.\",\"breadcrumb\":{\"@id\":\"https:\/\/les-escapades-de-marie.com\/index.php\/2019\/10\/24\/voyage-en-grece-tout-compris\/#breadcrumb\"},\"inLanguage\":\"fr-FR\",\"potentialAction\":[{\"@type\":\"ReadAction\",\"target\":[\"https:\/\/les-escapades-de-marie.com\/index.php\/2019\/10\/24\/voyage-en-grece-tout-compris\/\"]}]},{\"@type\":\"ImageObject\",\"inLanguage\":\"fr-FR\",\"@id\":\"https:\/\/les-escapades-de-marie.com\/index.php\/2019\/10\/24\/voyage-en-grece-tout-compris\/#primaryimage\",\"url\":\"https:\/\/les-escapades-de-marie.com\/wp-content\/uploads\/2019\/10\/Voyage-en-Gre\u0300ce-tout-compris-2-copie.jpeg\",\"contentUrl\":\"https:\/\/les-escapades-de-marie.com\/wp-content\/uploads\/2019\/10\/Voyage-en-Gre\u0300ce-tout-compris-2-copie.jpeg\",\"width\":\"1000\",\"height\":\"600\"},{\"@type\":\"BreadcrumbList\",\"@id\":\"https:\/\/les-escapades-de-marie.com\/index.php\/2019\/10\/24\/voyage-en-grece-tout-compris\/#breadcrumb\",\"itemListElement\":[{\"@type\":\"ListItem\",\"position\":1,\"name\":\"Accueil\",\"item\":\"https:\/\/les-escapades-de-marie.com\/\"},{\"@type\":\"ListItem\",\"position\":2,\"name\":\"Voyage en Gr\u00e8ce tout compris\"}]},{\"@type\":\"WebSite\",\"@id\":\"https:\/\/les-escapades-de-marie.com\/#website\",\"url\":\"https:\/\/les-escapades-de-marie.com\/\",\"name\":\"Les escapades de Marie\",\"description\":\"Conna\u00eetre, comprendre, partager.\",\"publisher\":{\"@id\":\"https:\/\/les-escapades-de-marie.com\/#organization\"},\"potentialAction\":[{\"@type\":\"SearchAction\",\"target\":{\"@type\":\"EntryPoint\",\"urlTemplate\":\"https:\/\/les-escapades-de-marie.com\/?s={search_term_string}\"},\"query-input\":{\"@type\":\"PropertyValueSpecification\",\"valueRequired\":true,\"valueName\":\"search_term_string\"}}],\"inLanguage\":\"fr-FR\"},{\"@type\":\"Organization\",\"@id\":\"https:\/\/les-escapades-de-marie.com\/#organization\",\"name\":\"Les escapades de Marie\",\"url\":\"https:\/\/les-escapades-de-marie.com\/\",\"logo\":{\"@type\":\"ImageObject\",\"inLanguage\":\"fr-FR\",\"@id\":\"https:\/\/les-escapades-de-marie.com\/#\/schema\/logo\/image\/\",\"url\":\"https:\/\/les-escapades-de-marie.com\/wp-content\/uploads\/2018\/01\/les-escapades-de-marie-logo-500px-bord-blanc.png\",\"contentUrl\":\"https:\/\/les-escapades-de-marie.com\/wp-content\/uploads\/2018\/01\/les-escapades-de-marie-logo-500px-bord-blanc.png\",\"width\":530,\"height\":230,\"caption\":\"Les escapades de Marie\"},\"image\":{\"@id\":\"https:\/\/les-escapades-de-marie.com\/#\/schema\/logo\/image\/\"}},{\"@type\":\"Person\",\"@id\":\"https:\/\/les-escapades-de-marie.com\/#\/schema\/person\/cacff58820238c6ef91e4665638442ef\",\"name\":\"Marie Vibert\",\"image\":{\"@type\":\"ImageObject\",\"inLanguage\":\"fr-FR\",\"@id\":\"https:\/\/les-escapades-de-marie.com\/#\/schema\/person\/image\/\",\"url\":\"https:\/\/secure.gravatar.com\/avatar\/72488530c89638f9c6b841a1b90f05a43cd994aa428c2d73b0f9eef44810a09a?s=96&d=mm&r=g\",\"contentUrl\":\"https:\/\/secure.gravatar.com\/avatar\/72488530c89638f9c6b841a1b90f05a43cd994aa428c2d73b0f9eef44810a09a?s=96&d=mm&r=g\",\"caption\":\"Marie Vibert\"},\"url\":\"https:\/\/les-escapades-de-marie.com\/index.php\/author\/admin7131\/\"}]}<\/script>\n<!-- \/ Yoast SEO plugin. -->","yoast_head_json":{"title":"Voyage en Gr\u00e8ce tout compris - Les escapades de Marie","description":"D\u00e9couvrez notre Voyage en Gr\u00e8ce tout compris et sur mesure : \u00c9PIRE et MAC\u00c9DOINE, l\u2019autre versant de la Gr\u00e8ce - 9 jours \/ 8nuits - du 12 au 20 mai 2020.","robots":{"index":"index","follow":"follow","max-snippet":"max-snippet:-1","max-image-preview":"max-image-preview:large","max-video-preview":"max-video-preview:-1"},"canonical":"https:\/\/les-escapades-de-marie.com\/index.php\/2019\/10\/24\/voyage-en-grece-tout-compris\/","og_locale":"fr_FR","og_type":"article","og_title":"Voyage en Gr\u00e8ce tout compris - Les escapades de Marie","og_description":"D\u00e9couvrez notre Voyage en Gr\u00e8ce tout compris et sur mesure : \u00c9PIRE et MAC\u00c9DOINE, l\u2019autre versant de la Gr\u00e8ce - 9 jours \/ 8nuits - du 12 au 20 mai 2020.","og_url":"https:\/\/les-escapades-de-marie.com\/index.php\/2019\/10\/24\/voyage-en-grece-tout-compris\/","og_site_name":"Les escapades de Marie","article_published_time":"2019-10-24T18:28:11+00:00","article_modified_time":"2019-10-25T13:37:12+00:00","og_image":[{"width":1000,"height":600,"url":"https:\/\/les-escapades-de-marie.com\/wp-content\/uploads\/2019\/10\/Voyage-en-Gre\u0300ce-tout-compris-2-copie.jpeg","type":"image\/jpeg"}],"author":"Marie Vibert","twitter_card":"summary_large_image","twitter_misc":{"\u00c9crit par":"Marie Vibert","Dur\u00e9e de lecture estim\u00e9e":"11 minutes"},"schema":{"@context":"https:\/\/schema.org","@graph":[{"@type":"Article","@id":"https:\/\/les-escapades-de-marie.com\/index.php\/2019\/10\/24\/voyage-en-grece-tout-compris\/#article","isPartOf":{"@id":"https:\/\/les-escapades-de-marie.com\/index.php\/2019\/10\/24\/voyage-en-grece-tout-compris\/"},"author":{"name":"Marie Vibert","@id":"https:\/\/les-escapades-de-marie.com\/#\/schema\/person\/cacff58820238c6ef91e4665638442ef"},"headline":"Voyage en Gr\u00e8ce tout compris","datePublished":"2019-10-24T18:28:11+00:00","dateModified":"2019-10-25T13:37:12+00:00","mainEntityOfPage":{"@id":"https:\/\/les-escapades-de-marie.com\/index.php\/2019\/10\/24\/voyage-en-grece-tout-compris\/"},"wordCount":2203,"commentCount":0,"publisher":{"@id":"https:\/\/les-escapades-de-marie.com\/#organization"},"image":{"@id":"https:\/\/les-escapades-de-marie.com\/index.php\/2019\/10\/24\/voyage-en-grece-tout-compris\/#primaryimage"},"thumbnailUrl":"https:\/\/les-escapades-de-marie.com\/wp-content\/uploads\/2019\/10\/Voyage-en-Gre\u0300ce-tout-compris-2-copie.jpeg","keywords":["De la terre des oracles \u00e0 l\u2019h\u00e9ritage d\u2019Alexandre"],"articleSection":["Les s\u00e9jours"],"inLanguage":"fr-FR","potentialAction":[{"@type":"CommentAction","name":"Comment","target":["https:\/\/les-escapades-de-marie.com\/index.php\/2019\/10\/24\/voyage-en-grece-tout-compris\/#respond"]}]},{"@type":"WebPage","@id":"https:\/\/les-escapades-de-marie.com\/index.php\/2019\/10\/24\/voyage-en-grece-tout-compris\/","url":"https:\/\/les-escapades-de-marie.com\/index.php\/2019\/10\/24\/voyage-en-grece-tout-compris\/","name":"Voyage en Gr\u00e8ce tout compris - Les escapades de Marie","isPartOf":{"@id":"https:\/\/les-escapades-de-marie.com\/#website"},"primaryImageOfPage":{"@id":"https:\/\/les-escapades-de-marie.com\/index.php\/2019\/10\/24\/voyage-en-grece-tout-compris\/#primaryimage"},"image":{"@id":"https:\/\/les-escapades-de-marie.com\/index.php\/2019\/10\/24\/voyage-en-grece-tout-compris\/#primaryimage"},"thumbnailUrl":"https:\/\/les-escapades-de-marie.com\/wp-content\/uploads\/2019\/10\/Voyage-en-Gre\u0300ce-tout-compris-2-copie.jpeg","datePublished":"2019-10-24T18:28:11+00:00","dateModified":"2019-10-25T13:37:12+00:00","description":"D\u00e9couvrez notre Voyage en Gr\u00e8ce tout compris et sur mesure : \u00c9PIRE et MAC\u00c9DOINE, l\u2019autre versant de la Gr\u00e8ce - 9 jours \/ 8nuits - du 12 au 20 mai 2020.","breadcrumb":{"@id":"https:\/\/les-escapades-de-marie.com\/index.php\/2019\/10\/24\/voyage-en-grece-tout-compris\/#breadcrumb"},"inLanguage":"fr-FR","potentialAction":[{"@type":"ReadAction","target":["https:\/\/les-escapades-de-marie.com\/index.php\/2019\/10\/24\/voyage-en-grece-tout-compris\/"]}]},{"@type":"ImageObject","inLanguage":"fr-FR","@id":"https:\/\/les-escapades-de-marie.com\/index.php\/2019\/10\/24\/voyage-en-grece-tout-compris\/#primaryimage","url":"https:\/\/les-escapades-de-marie.com\/wp-content\/uploads\/2019\/10\/Voyage-en-Gre\u0300ce-tout-compris-2-copie.jpeg","contentUrl":"https:\/\/les-escapades-de-marie.com\/wp-content\/uploads\/2019\/10\/Voyage-en-Gre\u0300ce-tout-compris-2-copie.jpeg","width":"1000","height":"600"},{"@type":"BreadcrumbList","@id":"https:\/\/les-escapades-de-marie.com\/index.php\/2019\/10\/24\/voyage-en-grece-tout-compris\/#breadcrumb","itemListElement":[{"@type":"ListItem","position":1,"name":"Accueil","item":"https:\/\/les-escapades-de-marie.com\/"},{"@type":"ListItem","position":2,"name":"Voyage en Gr\u00e8ce tout compris"}]},{"@type":"WebSite","@id":"https:\/\/les-escapades-de-marie.com\/#website","url":"https:\/\/les-escapades-de-marie.com\/","name":"Les escapades de Marie","description":"Conna\u00eetre, comprendre, partager.","publisher":{"@id":"https:\/\/les-escapades-de-marie.com\/#organization"},"potentialAction":[{"@type":"SearchAction","target":{"@type":"EntryPoint","urlTemplate":"https:\/\/les-escapades-de-marie.com\/?s={search_term_string}"},"query-input":{"@type":"PropertyValueSpecification","valueRequired":true,"valueName":"search_term_string"}}],"inLanguage":"fr-FR"},{"@type":"Organization","@id":"https:\/\/les-escapades-de-marie.com\/#organization","name":"Les escapades de Marie","url":"https:\/\/les-escapades-de-marie.com\/","logo":{"@type":"ImageObject","inLanguage":"fr-FR","@id":"https:\/\/les-escapades-de-marie.com\/#\/schema\/logo\/image\/","url":"https:\/\/les-escapades-de-marie.com\/wp-content\/uploads\/2018\/01\/les-escapades-de-marie-logo-500px-bord-blanc.png","contentUrl":"https:\/\/les-escapades-de-marie.com\/wp-content\/uploads\/2018\/01\/les-escapades-de-marie-logo-500px-bord-blanc.png","width":530,"height":230,"caption":"Les escapades de Marie"},"image":{"@id":"https:\/\/les-escapades-de-marie.com\/#\/schema\/logo\/image\/"}},{"@type":"Person","@id":"https:\/\/les-escapades-de-marie.com\/#\/schema\/person\/cacff58820238c6ef91e4665638442ef","name":"Marie Vibert","image":{"@type":"ImageObject","inLanguage":"fr-FR","@id":"https:\/\/les-escapades-de-marie.com\/#\/schema\/person\/image\/","url":"https:\/\/secure.gravatar.com\/avatar\/72488530c89638f9c6b841a1b90f05a43cd994aa428c2d73b0f9eef44810a09a?s=96&d=mm&r=g","contentUrl":"https:\/\/secure.gravatar.com\/avatar\/72488530c89638f9c6b841a1b90f05a43cd994aa428c2d73b0f9eef44810a09a?s=96&d=mm&r=g","caption":"Marie Vibert"},"url":"https:\/\/les-escapades-de-marie.com\/index.php\/author\/admin7131\/"}]}},"_links":{"self":[{"href":"https:\/\/les-escapades-de-marie.com\/index.php\/wp-json\/wp\/v2\/posts\/851","targetHints":{"allow":["GET"]}}],"collection":[{"href":"https:\/\/les-escapades-de-marie.com\/index.php\/wp-json\/wp\/v2\/posts"}],"about":[{"href":"https:\/\/les-escapades-de-marie.com\/index.php\/wp-json\/wp\/v2\/types\/post"}],"author":[{"embeddable":true,"href":"https:\/\/les-escapades-de-marie.com\/index.php\/wp-json\/wp\/v2\/users\/1"}],"replies":[{"embeddable":true,"href":"https:\/\/les-escapades-de-marie.com\/index.php\/wp-json\/wp\/v2\/comments?post=851"}],"version-history":[{"count":0,"href":"https:\/\/les-escapades-de-marie.com\/index.php\/wp-json\/wp\/v2\/posts\/851\/revisions"}],"wp:featuredmedia":[{"embeddable":true,"href":"https:\/\/les-escapades-de-marie.com\/index.php\/wp-json\/wp\/v2\/media\/882"}],"wp:attachment":[{"href":"https:\/\/les-escapades-de-marie.com\/index.php\/wp-json\/wp\/v2\/media?parent=851"}],"wp:term":[{"taxonomy":"category","embeddable":true,"href":"https:\/\/les-escapades-de-marie.com\/index.php\/wp-json\/wp\/v2\/categories?post=851"},{"taxonomy":"post_tag","embeddable":true,"href":"https:\/\/les-escapades-de-marie.com\/index.php\/wp-json\/wp\/v2\/tags?post=851"}],"curies":[{"name":"wp","href":"https:\/\/api.w.org\/{rel}","templated":true}]}}